{"id":503,"date":"2015-08-01T12:30:34","date_gmt":"2015-08-01T10:30:34","guid":{"rendered":"http:\/\/guillaume-tell-watten.fr\/?p=503"},"modified":"2015-08-01T12:57:23","modified_gmt":"2015-08-01T10:57:23","slug":"challenge-jean-pierre-decool","status":"publish","type":"post","link":"https:\/\/guillaume-tell-watten.fr\/?p=503","title":{"rendered":"CHALLENGE Jean Pierre DECOOL"},"content":{"rendered":"<table>\n<tbody>\n<tr>\n<td style=\"text-align: center;\"><strong>WATTEN<\/strong><\/td>\n<\/tr>\n<tr>\n<td style=\"text-align: center;\"><strong>Soci\u00e9t\u00e9 \u00ab\u00a0Guillaume-Tell\u00a0\u00bb<\/strong><\/td>\n<\/tr>\n<tr>\n<td style=\"text-align: center;\"><strong>Mardi 4 Ao\u00fbt 2015<\/strong><\/td>\n<\/tr>\n<tr>\n<td style=\"text-align: left;\"><span style=\"text-decoration: underline;\">Le matin \u00e0 9h30<\/span><\/td>\n<\/tr>\n<tr>\n<td style=\"text-align: center;\"><strong>TIR AUX HONNEURS<\/strong><\/td>\n<\/tr>\n<tr>\n<td style=\"text-align: center;\"><strong>SUR 2 PERCHES<\/strong><\/td>\n<\/tr>\n<tr>\n<td style=\"text-align: center;\"><strong>MISE 4\u20ac (retenue: 10%)<\/strong><\/td>\n<\/tr>\n<tr>\n<td>Lots aux 1ers de chaque cat\u00e9gories<em><strong>\u00e0 12h30 remise de la M\u00e9daille d&rsquo;ARGENT de la jeunesse et des sports \u00e0 Daniel DELHAYE par Monsieur Jean Pierre DECOOL D\u00e9put\u00e9, Suivi d&rsquo;un vin d&rsquo;honneur offert par la soci\u00e9t\u00e9,<\/strong><\/em><\/td>\n<\/tr>\n<tr>\n<td><span style=\"text-decoration: underline;\">L&rsquo;apr\u00e8s-midi \u00e0 15h<\/span><\/td>\n<\/tr>\n<tr>\n<td style=\"text-align: center;\"><strong>\u00ab\u00a0Challenge J.P.DECOOL\u00a0\u00bb<\/strong><\/td>\n<\/tr>\n<tr>\n<td style=\"text-align: center;\"><strong>avec le concours de la municipalit\u00e9<\/strong><\/td>\n<\/tr>\n<tr>\n<td style=\"text-align: center;\"><strong>Tir aux Points<\/strong><\/td>\n<\/tr>\n<tr>\n<td style=\"text-align: center;\">SUR 2 PERCHES<\/td>\n<\/tr>\n<tr>\n<td style=\"text-align: center;\"><strong><span style=\"text-decoration: underline;\">MISE 5\u20ac (retenue: 20%)<\/span><\/strong><\/td>\n<\/tr>\n<tr>\n<td>Perche Mich\u00e8le: ,<\/td>\n<\/tr>\n<tr>\n<td style=\"text-align: center;\">Honneurs uniquement (2-3-4-5), les doubl\u00e9s\u00a0ne comptent pas<\/td>\n<\/tr>\n<tr>\n<td><\/td>\n<\/tr>\n<tr>\n<td><\/td>\n<\/tr>\n<tr>\n<td>Perches Myriam: ,<\/td>\n<\/tr>\n<tr>\n<td>Grille uniquement, tout ce qui tombe compte, bascule tout les 25 pts, R\u00e9compenses offertes par notre D\u00e9put\u00e9 J.P.DECOOL aux 1er de chaque cat\u00e9gories (jeunes: 16 ans dans l&rsquo;ann\u00e9e) + lots aux 20 suivant, pas de cumul, 10 bouteilles de bi\u00e8re, 10 pains g\u00e2teaux et 10 bouteilles de vin +un lot sur volant dans la grille offert par le m\u00e9daill\u00e9.Inscriptions \u00e0 partir de 14h15 par nom et pr\u00e9nom\u00a0: \u00e9tablir une liste SVP pour faciliter l&rsquo;inscription, le N\u00b01 commence le tir, D\u00e9but du tir \u00e0 15h, R\u00e9serves en cas de mauvais temps,<\/td>\n<\/tr>\n<tr>\n<td><span style=\"text-decoration: underline;\">Le pr\u00e9sident:<\/span><\/td>\n<\/tr>\n<tr>\n<td style=\"text-align: left;\"><strong>Daniel DELHAYE.<\/strong><\/p>\n<p>Pour les 1er de chaque cat\u00e9gorie un troph\u00e9e repr\u00e9sentant le local de watten + pour les V\u00e9t\u00e9ran et Adulte une Bouteille de HOULLE (carte noir) pour la dame panier garnie et pour le jeune 3 fl\u00e8ches de 8.<\/p>\n<p>Sur volant dans la grille: un coffret de HOULLE offert par le m\u00e9daill\u00e9.<\/p>\n<p>Aper\u00e7u des lots pour le mardi apr\u00e8s-midi<\/p>\n<p><div id=\"attachment_504\" style=\"width: 613px\" class=\"wp-caption aligncenter\"><a href=\"http:\/\/guillaume-tell-watten.fr\/wp-content\/uploads\/2015\/08\/DSC01270.jpg\"><img loading=\"lazy\" decoding=\"async\" aria-describedby=\"caption-attachment-504\" class=\" wp-image-504\" src=\"http:\/\/guillaume-tell-watten.fr\/wp-content\/uploads\/2015\/08\/DSC01270.jpg\" alt=\"Lots divers pour le challenge J.P.DECOOL\" width=\"603\" height=\"452\" srcset=\"https:\/\/guillaume-tell-watten.fr\/wp-content\/uploads\/2015\/08\/DSC01270.jpg 4608w, https:\/\/guillaume-tell-watten.fr\/wp-content\/uploads\/2015\/08\/DSC01270-300x225.jpg 300w, https:\/\/guillaume-tell-watten.fr\/wp-content\/uploads\/2015\/08\/DSC01270-1024x768.jpg 1024w, https:\/\/guillaume-tell-watten.fr\/wp-content\/uploads\/2015\/08\/DSC01270-400x300.jpg 400w, https:\/\/guillaume-tell-watten.fr\/wp-content\/uploads\/2015\/08\/DSC01270-900x675.jpg 900w\" sizes=\"auto, (max-width: 603px) 100vw, 603px\" \/><\/a><p id=\"caption-attachment-504\" class=\"wp-caption-text\">Lots divers pour le challenge J.P.DECOOL<\/p><\/div><\/td>\n<\/tr>\n<\/tbody>\n<\/table>\n<p>&nbsp;<\/p>\n","protected":false},"excerpt":{"rendered":"<p>WATTEN Soci\u00e9t\u00e9 \u00ab\u00a0Guillaume-Tell\u00a0\u00bb Mardi 4 Ao\u00fbt 2015 Le matin \u00e0 9h30 TIR AUX HONNEURS SUR 2 PERCHES MISE 4\u20ac (retenue: 10%) Lots aux 1ers de chaque cat\u00e9gories\u00e0 12h30 remise de la M\u00e9daille d&rsquo;ARGENT de la jeunesse et des sports \u00e0 &hellip; <a href=\"https:\/\/guillaume-tell-watten.fr\/?p=503\">Continuer la lecture <span class=\"meta-nav\">&rarr;<\/span><\/a><\/p>\n","protected":false},"author":1,"featured_media":0,"comment_status":"closed","ping_status":"open","sticky":false,"template":"","format":"standard","meta":{"ngg_post_thumbnail":0,"footnotes":""},"categories":[5],"tags":[],"class_list":["post-503","post","type-post","status-publish","format-standard","hentry","category-journal-larchers"],"_links":{"self":[{"href":"https:\/\/guillaume-tell-watten.fr\/index.php?rest_route=\/wp\/v2\/posts\/503","targetHints":{"allow":["GET"]}}],"collection":[{"href":"https:\/\/guillaume-tell-watten.fr\/index.php?rest_route=\/wp\/v2\/posts"}],"about":[{"href":"https:\/\/guillaume-tell-watten.fr\/index.php?rest_route=\/wp\/v2\/types\/post"}],"author":[{"embeddable":true,"href":"https:\/\/guillaume-tell-watten.fr\/index.php?rest_route=\/wp\/v2\/users\/1"}],"replies":[{"embeddable":true,"href":"https:\/\/guillaume-tell-watten.fr\/index.php?rest_route=%2Fwp%2Fv2%2Fcomments&post=503"}],"version-history":[{"count":3,"href":"https:\/\/guillaume-tell-watten.fr\/index.php?rest_route=\/wp\/v2\/posts\/503\/revisions"}],"predecessor-version":[{"id":508,"href":"https:\/\/guillaume-tell-watten.fr\/index.php?rest_route=\/wp\/v2\/posts\/503\/revisions\/508"}],"wp:attachment":[{"href":"https:\/\/guillaume-tell-watten.fr\/index.php?rest_route=%2Fwp%2Fv2%2Fmedia&parent=503"}],"wp:term":[{"taxonomy":"category","embeddable":true,"href":"https:\/\/guillaume-tell-watten.fr\/index.php?rest_route=%2Fwp%2Fv2%2Fcategories&post=503"},{"taxonomy":"post_tag","embeddable":true,"href":"https:\/\/guillaume-tell-watten.fr\/index.php?rest_route=%2Fwp%2Fv2%2Ftags&post=503"}],"curies":[{"name":"wp","href":"https:\/\/api.w.org\/{rel}","templated":true}]}}