{"id":396,"date":"2014-11-20T19:38:15","date_gmt":"2014-11-20T18:38:15","guid":{"rendered":"http:\/\/guillaume-tell-watten.fr\/?p=396"},"modified":"2014-11-20T19:38:15","modified_gmt":"2014-11-20T18:38:15","slug":"assemblee-generale-dimanche-23-novembre","status":"publish","type":"post","link":"https:\/\/guillaume-tell-watten.fr\/?p=396","title":{"rendered":"ASSEMBL\u00c9E G\u00c9N\u00c9RALE dimanche 23 novembre"},"content":{"rendered":"<p>&nbsp;<\/p>\n<p style=\"text-align: center;\" align=\"center\"><span style=\"color: #17365d;\"><span style=\"font-family: Cambria, serif;\"><span style=\"font-size: xx-large;\"><em><span style=\"font-family: 'Comic Sans MS', serif;\"><span style=\"font-size: x-large;\">SOCIETE \u00ab\u00a0GUILLAUME-TELL\u00a0\u00bb<\/span><\/span><\/em><\/span><\/span><\/span><\/p>\n<p style=\"text-align: center;\" align=\"center\"><em><span style=\"font-family: 'Comic Sans MS', serif;\"><span style=\"font-size: x-large;\">De WATTEN<\/span><\/span><\/em><\/p>\n<p align=\"center\"><span style=\"color: #4f81bd;\"><span style=\"font-family: Cambria, serif;\"><span style=\"font-size: medium;\"><i><span style=\"color: #00000a;\"><span style=\"font-family: 'Comic Sans MS', serif;\"><span style=\"font-size: small;\">Madame, Monsieur,<\/span><\/span><\/span><\/i><\/span><\/span><\/span><\/p>\n<p class=\"western\"><span style=\"font-family: 'Comic Sans MS', serif;\"><span style=\"font-size: small;\">Vous \u00eates pri\u00e9s d\u2019assister \u00e0 l\u2019Assembl\u00e9e G\u00e9n\u00e9rale de la \u00ab\u00a0GUILLAUME-TELL\u00a0\u00bb, suivi d\u2019un repas offert par la soci\u00e9t\u00e9 et du tir de cl\u00f4ture, qui se d\u00e9roulera le\u00a0: <\/span><\/span><\/p>\n<p align=\"center\"><span style=\"color: #000000;\"><i><b><span style=\"font-family: 'Comic Sans MS', serif;\"><span style=\"font-size: large;\">Dimanche 23 novembre 2014 \u00e0 11h \u00e0 l\u2019espace \u00ab\u00a0RENE DEGRAEVE\u00a0\u00bb dans le local des archers.<\/span><\/span><\/b><\/i><\/span><\/p>\n<p class=\"western\"><span style=\"font-family: 'Comic Sans MS', serif;\"><span style=\"font-size: large;\"><span style=\"text-decoration: underline;\">Ordre du jour\u00a0:<\/span><\/span><\/span><\/p>\n<ul>\n<li><span style=\"font-family: 'Comic Sans MS', serif;\"><span style=\"font-size: small;\">Compte rendu des activit\u00e9s et financier de la saison 2014<\/span><\/span><\/li>\n<li><span style=\"font-family: 'Comic Sans MS', serif;\"><span style=\"font-size: small;\">Organisation du Challenge\u00a0<\/span><\/span><\/li>\n<li><span style=\"font-family: 'Comic Sans MS', serif;\"><span style=\"font-size: small;\">Formation des \u00e9quipes de coupes<\/span><\/span><\/li>\n<li><span style=\"font-family: 'Comic Sans MS', serif;\"><span style=\"font-size: small;\">Questions divers<\/span><\/span><\/li>\n<li><span style=\"font-family: 'Comic Sans MS', serif;\"><span style=\"font-size: small;\">Paiement des cotisations 2014<\/span><\/span><\/li>\n<\/ul>\n<p class=\"western\"><span style=\"font-family: 'Comic Sans MS', serif;\"><span style=\"font-size: medium;\"><b>Les soci\u00e9taires qui ne pourront assister \u00e0 l\u2019Assembl\u00e9e G\u00e9n\u00e9rale et au tir de cl\u00f4ture sont pri\u00e9s de signaler avant le 19 Novembre 2014 au Pr\u00e9sident par courrier ou par Mail\u00a0:<\/b><\/span><\/span><\/p>\n<ul>\n<li><span style=\"font-family: 'Comic Sans MS', serif;\"><span style=\"font-size: small;\"><i>S\u2019ils sont d\u00e9missionnaires<\/i><\/span><\/span><\/li>\n<li><span style=\"font-family: 'Comic Sans MS', serif;\"><span style=\"font-size: small;\"><i>Dans le cas contraire, le type de licence qu\u2019ils d\u00e9sirent (sportive ou loisir), l\u2019option d\u2019assurance pour les Sportifs <\/i><\/span><\/span><span style=\"font-family: 'Comic Sans MS', serif;\"><span style=\"font-size: small;\"><i><span style=\"text-decoration: underline;\"><b>et le r\u00e8glement de la licence<\/b><\/span><\/i><\/span><\/span><\/li>\n<\/ul>\n<p class=\"western\"><span style=\"font-family: 'Comic Sans MS', serif;\"><span style=\"font-size: small;\"><b>Sans nouvelle de votre part \u00e0 cette date, vous \u00eates consid\u00e9r\u00e9 comme d\u00e9missionnaire.<\/b><\/span><\/span><\/p>\n<p class=\"western\" style=\"text-align: center;\"><b>Dates \u00e0 retenir pour 2015<\/b><\/p>\n<p class=\"western\" align=\"center\"><span style=\"font-family: 'Comic Sans MS', serif;\"><span style=\"font-size: small;\"><b>ATTENTION\u00a0!<\/b><\/span><\/span><\/p>\n<p class=\"western\"><span style=\"font-family: 'Comic Sans MS', serif;\"><span style=\"font-size: small;\">Il ne sera pas envoy\u00e9 de convocation pour les diff\u00e9rentes manifestations.<\/span><\/span><\/p>\n<ul>\n<li><span style=\"font-family: 'Comic Sans MS', serif;\"><span style=\"font-size: small;\">Dimanche 1 F\u00e9vrier : Tir d\u2019hiver<\/span><\/span><\/li>\n<li><span style=\"font-family: 'Comic Sans MS', serif;\"><span style=\"font-size: small;\">Dimanche 29 Mars\u00a0 : Tir de Championnat (Maison des Archers)<\/span><\/span><\/li>\n<li><span style=\"font-family: 'Comic Sans MS', serif;\"><span style=\"font-size: small;\">Lundi 6 Avril \u00e0 9h30 : Tir du Roy<\/span><\/span><\/li>\n<li><span style=\"font-family: 'Comic Sans MS', serif;\"><span style=\"font-size: small;\">Mardi 23 Juin : Challenge \u00e0 Bray Dunes<\/span><\/span><\/li>\n<li><a name=\"__DdeLink__211_983730481\"><\/a> <span style=\"font-family: 'Comic Sans MS', serif;\"><span style=\"font-size: small;\">Dimanche 2 ao\u00fbt : Tir de Championnat.<\/span><\/span><\/li>\n<li><span style=\"font-family: 'Comic Sans MS', serif;\"><span style=\"font-size: small;\">Mardi 4 ao\u00fbt : Tir Suppl\u00e9mentaire et Challenge J.P.DECOOL<\/span><\/span><\/li>\n<li><span style=\"font-family: 'Comic Sans MS', serif;\"><span style=\"font-size: small;\">Dimanche 11 octobre : Tir de Championnat.<\/span><\/span><\/li>\n<li><span style=\"font-family: 'Comic Sans MS', serif;\"><span style=\"font-size: small;\">Dimanche 22 novembre\u00a0 : Assembl\u00e9e G\u00e9n\u00e9rale et Tir aux lots.<\/span><\/span><\/li>\n<\/ul>\n<p align=\"center\"><span style=\"font-family: 'Comic Sans MS', serif;\"><span style=\"font-size: large;\"><span style=\"text-decoration: underline;\"><b>RAPPEL DES COTISATIONS 2015.<\/b><\/span><\/span><\/span><\/p>\n<p class=\"western\"><span style=\"font-family: 'Comic Sans MS', serif;\"><span style=\"font-size: medium;\"><span style=\"text-decoration: underline;\"><b>Cotisations Sportives adultes\u00a0: <\/b><\/span><\/span><\/span><\/p>\n<ul>\n<li><span style=\"font-family: 'Comic Sans MS', serif;\"><span style=\"font-size: small;\">Option 1\u00a0: 25\u20ac \u00a0(Assur\u00a0: 2.40\u20ac, F\u00e9d\u00e9\u00a0: 17\u20ac, Soci\u00e9t\u00e9\u00a0: 5,60\u20ac)<\/span><\/span><\/li>\n<li><span style=\"font-family: 'Comic Sans MS', serif;\"><span style=\"font-size: small;\">Option 2\u00a0: 27\u20ac \u00a0(Assur\u00a0: 6.90\u20ac, F\u00e9d\u00e9\u00a0: 17\u20ac, Soci\u00e9t\u00e9\u00a0: 3,10\u20ac)<\/span><\/span><\/li>\n<li><span style=\"font-family: 'Comic Sans MS', serif;\"><span style=\"font-size: small;\">Option 3\u00a0: 30\u20ac (Assur\u00a0: 11.30\u20ac, F\u00e9d\u00e9\u00a0: 17\u20ac, Soci\u00e9t\u00e9\u00a0: 1,70\u20ac)<\/span><\/span><\/li>\n<\/ul>\n<p class=\"western\"><span style=\"font-family: 'Comic Sans MS', serif;\"><span style=\"font-size: medium;\"><span style=\"text-decoration: underline;\"><b>Cotisations Sportives jeunes\u00a0: <\/b><\/span><\/span><\/span><\/p>\n<p><span style=\"font-family: 'Comic Sans MS', serif;\"><span style=\"font-size: small;\"><b>Sportives jeunes n\u00e9e en 1997 et 1998\u00a0<\/b><\/span><\/span><\/p>\n<ul>\n<li><span style=\"font-family: 'Comic Sans MS', serif;\"><span style=\"font-size: small;\">Option 2\u00a0: 13\u20ac90 (<\/span><\/span><span style=\"font-family: 'Comic Sans MS', serif;\"><span style=\"font-size: small;\">Assur\u00a0: 6.90\u20ac, F\u00e9d\u00e9\u00a0: 7\u20ac)<\/span><\/span><\/li>\n<li><span style=\"font-family: 'Comic Sans MS', serif;\"><span style=\"font-size: small;\">Option 3\u00a0: 18\u20ac30 (<\/span><\/span><span style=\"font-family: 'Comic Sans MS', serif;\"><span style=\"font-size: small;\">Assur\u00a0: 11.30\u20ac F\u00e9d\u00e9\u00a0: 7\u20ac)<\/span><\/span><\/li>\n<\/ul>\n<p class=\"western\"><span style=\"font-family: 'Comic Sans MS', serif;\"><span style=\"font-size: small;\"><b>Les jeunes n\u00e9es en 1999 et apr\u00e8s sont pris en charge par la soci\u00e9t\u00e9. (Option 3\u00a0: 18.30\u20ac)<\/b><\/span><\/span><\/p>\n<p class=\"western\"><span style=\"font-family: 'Comic Sans MS', serif;\"><span style=\"font-size: medium;\"><span style=\"text-decoration: underline;\"><b>Cotisations Loisirs adultes\u00a0:<\/b><\/span><\/span><\/span><\/p>\n<ul>\n<li><span style=\"font-family: 'Comic Sans MS', serif;\"><span style=\"font-size: small;\">19\u20ac (F\u00e9d\u00e9\u00a0: 17\u20ac, Soci\u00e9t\u00e9\u00a0: 2\u20ac)<\/span><\/span><\/li>\n<\/ul>\n<p class=\"western\"><span style=\"font-family: 'Comic Sans MS', serif;\"><span style=\"font-size: medium;\"><span style=\"text-decoration: underline;\"><b>Cotisations loisirs jeunes\u00a0:<\/b><\/span><\/span><\/span><\/p>\n<ul>\n<li><span style=\"font-family: 'Comic Sans MS', serif;\"><span style=\"font-size: small;\">9\u20ac (F\u00e9d\u00e9\u00a0: 7\u20ac, Soci\u00e9t\u00e9\u00a0: 2\u20ac)<\/span><\/span><\/li>\n<\/ul>\n<p class=\"western\" align=\"right\"><span style=\"font-family: 'Comic Sans MS', serif;\"><span style=\"font-size: medium;\">LE PRESIDENT\u00a0: Daniel DELHAYE.<\/span><\/span><\/p>\n<p class=\"western\"><span style=\"font-family: 'Comic Sans MS', serif;\"><span style=\"font-size: medium;\">PS\u00a0: si vous avez une adresse Mail, pensez \u00e0 me l\u00e0 communiquer. Merci<\/span><\/span><\/p>\n<p class=\"western\" align=\"center\"><span style=\"font-family: 'Comic Sans MS', serif;\"><span style=\"font-size: large;\">D\u00e9roulement de la journ\u00e9e du 23 Novembre 2014<\/span><\/span><\/p>\n<p class=\"western\"><span style=\"font-family: 'Comic Sans MS', serif;\"><span style=\"font-size: medium;\">11h\u00a0: Assembl\u00e9e G\u00e9n\u00e9rale<\/span><\/span><\/p>\n<p class=\"western\"><span style=\"font-family: 'Comic Sans MS', serif;\"><span style=\"font-size: medium;\">Vers 12h\u00a0: Ap\u00e9ritif<\/span><\/span><\/p>\n<p class=\"western\"><span style=\"font-family: 'Comic Sans MS', serif;\"><span style=\"font-size: medium;\">Vers 13h\u00a0: <\/span><\/span><span style=\"font-family: 'Comic Sans MS', serif;\"><span style=\"font-size: medium;\"><span style=\"text-decoration: underline;\">Repas offert aux soci\u00e9taires<\/span><\/span><\/span><span style=\"font-family: 'Comic Sans MS', serif;\"><span style=\"font-size: medium;\"> (R\u00f4tis de Porc-petits pois carottes-pommes de terre et dessert), pour les autres\u00a0: 6\u20ac <\/span><\/span><\/p>\n<p class=\"western\">\n<p class=\"western\"><span style=\"font-family: 'Comic Sans MS', serif;\"><span style=\"font-size: medium;\">14h \u00e0 17h environ\u00a0: tir de cl\u00f4ture pour les soci\u00e9taires<\/span><\/span><\/p>\n<p class=\"western\"><span style=\"font-family: 'Comic Sans MS', serif;\"><span style=\"font-size: medium;\"><span style=\"text-decoration: underline;\"><b>PS\u00a0: Afin de pouvoir nous organiser, inscriptions pour le repas du midi indispensable \u00e0 me faire parvenir pour le 17 Novembre aux plus tard\u00a0: soit par T\u00e9l\u00a0: 0321880068 &#8211; 0652277028 ou par Mail<\/b><\/span><\/span><\/span><span style=\"font-family: 'Comic Sans MS', serif;\"><span style=\"font-size: medium;\"><b>\u00a0: <\/b><\/span><\/span><span style=\"color: #0000ff;\"><span lang=\"zxx\"><span style=\"text-decoration: underline;\"><a href=\"mailto:daniel.delhaye60@gmail.com\"><span style=\"font-family: 'Comic Sans MS', serif;\"><span style=\"font-size: medium;\"><b>daniel.delhaye60@gmail.com<\/b><\/span><\/span><\/a><\/span><\/span><\/span><\/p>\n<p class=\"western\"><span style=\"font-family: 'Comic Sans MS', serif;\"><span style=\"font-size: medium;\"><b>PS\u00a0: me pr\u00e9venir \u00e9galement de votre pr\u00e9sence pour le tir de Cl\u00f4ture.<\/b><\/span><\/span><\/p>\n<p class=\"western\"><span style=\"font-family: 'Comic Sans MS', serif;\"><span style=\"font-size: medium;\">Le pr\u00e9sident\u00a0: Daniel DELHAYE<\/span><\/span><\/p>\n<p class=\"western\">\nPS:Pour toutes nouvelles Licences Assurance Sportives ou Loisirs \u00e0 la \u00ab\u00a0Guillaume-Tell\u00a0\u00bb de WATTEN vous pouvez me contacter jusqu&rsquo;au 31 Janvier 2015.<\/p>\n<p class=\"western\">\n<p class=\"western\">\n<p class=\"western\">\n<p>&nbsp;<\/p>\n<p>&nbsp;<\/p>\n","protected":false},"excerpt":{"rendered":"<p>&nbsp; SOCIETE \u00ab\u00a0GUILLAUME-TELL\u00a0\u00bb De WATTEN Madame, Monsieur, Vous \u00eates pri\u00e9s d\u2019assister \u00e0 l\u2019Assembl\u00e9e G\u00e9n\u00e9rale de la \u00ab\u00a0GUILLAUME-TELL\u00a0\u00bb, suivi d\u2019un repas offert par la soci\u00e9t\u00e9 et du tir de cl\u00f4ture, qui se d\u00e9roulera le\u00a0: Dimanche 23 novembre 2014 \u00e0 11h \u00e0 &hellip; <a href=\"https:\/\/guillaume-tell-watten.fr\/?p=396\">Continuer la lecture <span class=\"meta-nav\">&rarr;<\/span><\/a><\/p>\n","protected":false},"author":1,"featured_media":0,"comment_status":"closed","ping_status":"open","sticky":false,"template":"","format":"standard","meta":{"ngg_post_thumbnail":0,"footnotes":""},"categories":[5],"tags":[],"class_list":["post-396","post","type-post","status-publish","format-standard","hentry","category-journal-larchers"],"_links":{"self":[{"href":"https:\/\/guillaume-tell-watten.fr\/index.php?rest_route=\/wp\/v2\/posts\/396","targetHints":{"allow":["GET"]}}],"collection":[{"href":"https:\/\/guillaume-tell-watten.fr\/index.php?rest_route=\/wp\/v2\/posts"}],"about":[{"href":"https:\/\/guillaume-tell-watten.fr\/index.php?rest_route=\/wp\/v2\/types\/post"}],"author":[{"embeddable":true,"href":"https:\/\/guillaume-tell-watten.fr\/index.php?rest_route=\/wp\/v2\/users\/1"}],"replies":[{"embeddable":true,"href":"https:\/\/guillaume-tell-watten.fr\/index.php?rest_route=%2Fwp%2Fv2%2Fcomments&post=396"}],"version-history":[{"count":1,"href":"https:\/\/guillaume-tell-watten.fr\/index.php?rest_route=\/wp\/v2\/posts\/396\/revisions"}],"predecessor-version":[{"id":397,"href":"https:\/\/guillaume-tell-watten.fr\/index.php?rest_route=\/wp\/v2\/posts\/396\/revisions\/397"}],"wp:attachment":[{"href":"https:\/\/guillaume-tell-watten.fr\/index.php?rest_route=%2Fwp%2Fv2%2Fmedia&parent=396"}],"wp:term":[{"taxonomy":"category","embeddable":true,"href":"https:\/\/guillaume-tell-watten.fr\/index.php?rest_route=%2Fwp%2Fv2%2Fcategories&post=396"},{"taxonomy":"post_tag","embeddable":true,"href":"https:\/\/guillaume-tell-watten.fr\/index.php?rest_route=%2Fwp%2Fv2%2Ftags&post=396"}],"curies":[{"name":"wp","href":"https:\/\/api.w.org\/{rel}","templated":true}]}}