{"id":330,"date":"2012-10-24T20:09:20","date_gmt":"2012-10-24T18:09:20","guid":{"rendered":"http:\/\/guillaume-tell-watten.fr\/?p=330"},"modified":"2012-10-24T20:09:20","modified_gmt":"2012-10-24T18:09:20","slug":"assemblee-generale","status":"publish","type":"post","link":"https:\/\/guillaume-tell-watten.fr\/?p=330","title":{"rendered":"Assembl\u00e9e G\u00e9n\u00e9rale"},"content":{"rendered":"<p>La \u00ab\u00a0Guillaume-Tell\u00a0\u00bb tiens son Assembl\u00e9e G\u00e9n\u00e9rale le Dimanche 4 Novembre \u00e0 10h30 dans son local rue de la montagne.<\/p>\n","protected":false},"excerpt":{"rendered":"<p>La \u00ab\u00a0Guillaume-Tell\u00a0\u00bb tiens son Assembl\u00e9e G\u00e9n\u00e9rale le Dimanche 4 Novembre \u00e0 10h30 dans son local rue de la montagne.<\/p>\n","protected":false},"author":1,"featured_media":0,"comment_status":"closed","ping_status":"open","sticky":false,"template":"","format":"standard","meta":{"ngg_post_thumbnail":0,"footnotes":""},"categories":[5],"tags":[],"class_list":["post-330","post","type-post","status-publish","format-standard","hentry","category-journal-larchers"],"_links":{"self":[{"href":"https:\/\/guillaume-tell-watten.fr\/index.php?rest_route=\/wp\/v2\/posts\/330","targetHints":{"allow":["GET"]}}],"collection":[{"href":"https:\/\/guillaume-tell-watten.fr\/index.php?rest_route=\/wp\/v2\/posts"}],"about":[{"href":"https:\/\/guillaume-tell-watten.fr\/index.php?rest_route=\/wp\/v2\/types\/post"}],"author":[{"embeddable":true,"href":"https:\/\/guillaume-tell-watten.fr\/index.php?rest_route=\/wp\/v2\/users\/1"}],"replies":[{"embeddable":true,"href":"https:\/\/guillaume-tell-watten.fr\/index.php?rest_route=%2Fwp%2Fv2%2Fcomments&post=330"}],"version-history":[{"count":1,"href":"https:\/\/guillaume-tell-watten.fr\/index.php?rest_route=\/wp\/v2\/posts\/330\/revisions"}],"predecessor-version":[{"id":332,"href":"https:\/\/guillaume-tell-watten.fr\/index.php?rest_route=\/wp\/v2\/posts\/330\/revisions\/332"}],"wp:attachment":[{"href":"https:\/\/guillaume-tell-watten.fr\/index.php?rest_route=%2Fwp%2Fv2%2Fmedia&parent=330"}],"wp:term":[{"taxonomy":"category","embeddable":true,"href":"https:\/\/guillaume-tell-watten.fr\/index.php?rest_route=%2Fwp%2Fv2%2Fcategories&post=330"},{"taxonomy":"post_tag","embeddable":true,"href":"https:\/\/guillaume-tell-watten.fr\/index.php?rest_route=%2Fwp%2Fv2%2Ftags&post=330"}],"curies":[{"name":"wp","href":"https:\/\/api.w.org\/{rel}","templated":true}]}}