{"id":314,"date":"2011-06-29T19:28:08","date_gmt":"2011-06-29T17:28:08","guid":{"rendered":"http:\/\/guillaume-tell-watten.fr\/?p=314"},"modified":"2012-07-16T19:54:00","modified_gmt":"2012-07-16T17:54:00","slug":"championnat-de-france-des-veterans-a-merville","status":"publish","type":"post","link":"http:\/\/guillaume-tell-watten.fr\/?p=314","title":{"rendered":"Championnat de France des V\u00e9t\u00e9rans \u00e0 MERVILLE"},"content":{"rendered":"<p>Mercredi 29 juin 2011<\/p>\n<p>Bernard Rambur a repr\u00e9sent\u00e9 la soci\u00e9t\u00e9 \u00e0 ses championnats, il termine \u00e0 la 12\u00e8me place avec 8Pts, Freddy DEJONGHE de la soci\u00e9t\u00e9 de Watterdal, inscrit en licence loisir chez nous est Champion en cat\u00e9gorie junior avec 14Pts.(ci-dessous, compte rendu du journal l&rsquo;archers et une phots de Berny)<\/p>\n<p>Le Championnat de France des V\u00e9t\u00e9rans<br \/>\nA MERVILLE, le Mercredi 29 Juin 2011<br \/>\nChampions de France 2011 :<br \/>\nEn Juniors : Freddy DEJONGHE de WATTERDAL<br \/>\nEn Seniors : G\u00e9rard VANDECASTEELE de LILLERS<br \/>\nApr\u00e8s quelques ann\u00e9es de d\u00e9localisation, le Championnat de<br \/>\nFrance des V\u00e9t\u00e9rans est revenu, chez son P\u00e8re Fondateur en l\u2019occurrence,<br \/>\nle Pr\u00e9sident la Soci\u00e9t\u00e9 \u00ab Les archers de la Lys \u00bb, et Pr\u00e9sident de l\u2019UAANF<br \/>\nAndr\u00e9 Tramcourt.<br \/>\nOn conna\u00eet son savoir faire et dans ce beau parc, ce f\u00fbt une belle<br \/>\nf\u00eate pour nos anciens, d\u2019autant que le temps f\u00fbt aussi de la partie.<br \/>\nL\u2019ensemble des comp\u00e9titeurs pouvait observer d\u00e9j\u00e0 au petit matin,<br \/>\nles lots expos\u00e9s et r\u00e9serv\u00e9s aux classements de chaque cat\u00e9gorie,<br \/>\nLes participants, 106 Juniors et 96 Seniors \u00e9taient pr\u00e9sents sur les<br \/>\n206 inscrits.<br \/>\nPour moi et je suis sur pour d\u2019autres, c\u2019est toujours avec beaucoup de plaisir<br \/>\net de joie de pouvoir rencontrer \u00ab les anciens \u00bb \u00e0 l\u2019occasion du championnat<br \/>\nde France des V\u00e9t\u00e9rans<br \/>\nLes perches sont charg\u00e9es par les administrateurs de service, les<br \/>\nbasculeurs de la Soci\u00e9t\u00e9 sont en place pour cette belle journ\u00e9e, la<br \/>\ncomp\u00e9tition pouvait d\u00e9marrer.<br \/>\nLa Marseillaise retentie et les concurrents se rassemblent au pied de la<br \/>\npremi\u00e8re perche aux Honneurs, c\u2019est le peloton de Merville qui d\u00e9bute la<br \/>\ncomp\u00e9tition.<br \/>\nDur, dur le matin, il a fallu se lever t\u00f4t, seulement 4 honneurs<br \/>\n\u00e9taient tomb\u00e9s au 1er tour, le 2\u00e8me tour ne f\u00fbt que la copie du pr\u00e9c\u00e9dant 4<br \/>\nhonneurs \u00e9galement. Les H\u00e9ros sont ils fatigu\u00e9s ? Il est vrai que certains ont<br \/>\nparticip\u00e9 il y a 3 jours au Championnat de France Toutes cat\u00e9gories, ceci<br \/>\nexplique t-il cela ?<br \/>\nJustement \u00e0 la pause du midi, regardons un peu les compteurs de<br \/>\nces champions apr\u00e8s le 3\u00e8me tour :<br \/>\nChez les Juniors, hormis 2 archers occupant la 3\u00e8me place le<br \/>\nclassement \u00e9tait clair, ce n\u2019\u00e9tait pas le cas chez les Seniors, 3 archers<br \/>\noccupaient la 1\u00e8re place avec 6 pts, 3archers occupaient la 2\u00e8me avec 5 pts<br \/>\nChez les Juniors<br \/>\nVANACKER Ars\u00e8ne de Ghyvelde avec 8 pts<br \/>\nDEJONGHE Freddy de Watterdal avec 7 pts<br \/>\nDECLEMY Jocelyne de Fauquembergues avec 5 pts<br \/>\nCAMPHIN Raymond d\u2019Hazebrouck avec 5 pts<br \/>\nChez les Seniors<br \/>\nGODIN Jean Marie de Houlle avec 6 pts<br \/>\nFASQUELLE Daniel de Watterdal avec 6 pts<br \/>\nROUSSEL Paulette d\u2019Armenti\u00e8res avec 6 pts<br \/>\nVANLAERES Paul De St Sylvestre avec 5 pts<br \/>\nBAILLEUL Gilbert de Berthen avec 5 pts<br \/>\nEVRAERD Ren\u00e9 de Lillers avec 5 pts<br \/>\nVERHEYDE Aim\u00e9 de Merville avec 4 pts<br \/>\nApr\u00e8s cette pause, le tir reprit \u00e0 14h, Merville reprenait place au<br \/>\npied de la perche 1, la comp\u00e9tition reprenait de plus belle\u2026 La m\u00e9t\u00e9o \u00e9tait<br \/>\ntoujours aussi favorable.<br \/>\nUn classement \u00e9tait sorti \u00e0 la fin du 6\u00e8me tour, chez les Juniors<br \/>\ntout est clair le classement se dessine, ce qui n\u2019est pas le cas chez les<br \/>\nSeniors ou la lutte est toujours aussi serr\u00e9e.<br \/>\nChez les Juniors<br \/>\nDEJONGHE Freddy de Watterdal avec 13 pts<br \/>\nVANACKER Ars\u00e8ne de Ghyvelde avec 11pts<br \/>\nFOURNIER Jean Claude de Longuenesse avec 10 pts<br \/>\nChez les Seniors<br \/>\nCOURTIN Michel de Houlle avec 9 pts<br \/>\nDELATTRE Claude de Serques avec 9 pts<br \/>\nISEMBRANT Marceau de Winnezeele avec 8 pts<br \/>\nVANDECASTEELE G\u00e9rard de Lillers avec 8 pts<br \/>\nChez les Seniors 5 archers suivent : GODIN Jean Marie, FASQUELLE<br \/>\nDaniel, DECOBERT Michel, ROUSSEL Paulette, LEFEBVRE Francis<br \/>\navec chacun 7 pts<br \/>\nIl ne restait plus que deux tours pour faire valoir son talent et son<br \/>\nadresse. Tout pouvait ce passer, un honneur et\/ou quelques petits, pouvait<br \/>\ntout changer dans le classement voir m\u00eame des candidats au titre, faire une<br \/>\ngrande remonter dans ce classement.<br \/>\nA la fin du 8\u00e8me et dernier tour, le classement n\u2019\u00e9tait pas d\u00e9finitif,<br \/>\npuisque 2 Juniors totalisaient le m\u00eame nombre de points pour la 2\u00e8me et 3\u00e8me<br \/>\nplace. VANACKER Ars\u00e8ne et Fournier Jean Claude \u00e9taient tous les deux \u00e0<br \/>\n12 points. Lorsqu\u2019on conna\u00eet l\u2019adresse de ces 2 archers, le barrage devait<br \/>\n\u00eatre de haute lign\u00e9e. Les 3 fl\u00e8ches aux honneurs, ne donnaient aucun<br \/>\navantage \u00e0 ces brillants concurrents. Nous passons \u00e0 la grille au 1er tour<br \/>\nArs\u00e8ne obtenait 1 point, Jean Claude rien, 2\u00e8me tour rien pour le 2, 3\u00e8me et<br \/>\ndernier tour de barrage, la fl\u00e8che de Jean Claude passait largement \u00e0 cot\u00e9<br \/>\nde la grille, la fl\u00e8che s\u2019\u00e9tait bris\u00e9e dans les plumes et Ars\u00e8ne obtenait encore<br \/>\n1 point. Pas de chance Jean Claude, un archer de \u00ab ta trempe \u00bb aurait du<br \/>\npr\u00e9voir une 2\u00e8me fl\u00e8che, mais il y aura encore bien des ann\u00e9es pour<br \/>\nconqu\u00e9rir ce titre.<br \/>\nLe Classement Final du Championnat de France des V\u00e9t\u00e9rans \u00e9tait<br \/>\ndonc le suivant :<br \/>\nChez les Juniors<br \/>\nDEJONGHE Freddy de Watterdal avec 14 pts<br \/>\nVANACKER Ars\u00e8ne de Ghyvelde avec 12 pts<br \/>\nFOURNIER Jean Claude de Longuenesse avec 12 pts<br \/>\nChez les Seniors<br \/>\nVANDECASTEELE G\u00e9rard de Lillers avec 13 pts<br \/>\nFASQUELLE Daniel de Watterdal avec 11pts<br \/>\nDELATTRE Claude de Serques avec 10 pts<br \/>\nAvant la proclamation des r\u00e9sultats et la remise des Troph\u00e9es, le<br \/>\nPr\u00e9sident local et de l\u2019UAANF Andr\u00e9 TRAMCOURT, remercia l\u2019ensemble<br \/>\ndes archers pour cette magnifique journ\u00e9e.<br \/>\nEn 2012 le Championnat de France des V\u00e9t\u00e9rans sera organis\u00e9 par<br \/>\nla Soci\u00e9t\u00e9 \u00ab Alliance de Dunkerque \u00bb<br \/>\nPlace fut donn\u00e9e \u00e0 la proclamation des r\u00e9sultats et la distribution<br \/>\ndes troph\u00e9es et lots aux Champions. Tous les concurrents, 106 Juniors et 96<br \/>\nSeniors, sont repartis avec un lot, c\u2019est vraiment remarquable.<br \/>\nLe rapporteur du jour<br \/>\nChristian Dehongher<\/p>\n<p><a href=\"http:\/\/guillaume-tell-watten.fr\/?attachment_id=315\" rel=\"attachment wp-att-315\"><img loading=\"lazy\" decoding=\"async\" class=\"aligncenter size-full wp-image-315\" title=\"l'\u00e9quipe de Watten\" src=\"http:\/\/guillaume-tell-watten.fr\/wp-content\/uploads\/2012\/07\/l\u00e9quipe-de-Watten.jpg\" alt=\"\" width=\"1600\" height=\"1200\" srcset=\"http:\/\/guillaume-tell-watten.fr\/wp-content\/uploads\/2012\/07\/l\u00e9quipe-de-Watten.jpg 1600w, http:\/\/guillaume-tell-watten.fr\/wp-content\/uploads\/2012\/07\/l\u00e9quipe-de-Watten-300x225.jpg 300w, http:\/\/guillaume-tell-watten.fr\/wp-content\/uploads\/2012\/07\/l\u00e9quipe-de-Watten-1024x768.jpg 1024w, http:\/\/guillaume-tell-watten.fr\/wp-content\/uploads\/2012\/07\/l\u00e9quipe-de-Watten-400x300.jpg 400w\" sizes=\"auto, (max-width: 1600px) 100vw, 1600px\" \/><\/a><\/p>\n<p>&nbsp;<\/p>\n","protected":false},"excerpt":{"rendered":"<p>Mercredi 29 juin 2011 Bernard Rambur a repr\u00e9sent\u00e9 la soci\u00e9t\u00e9 \u00e0 ses championnats, il termine \u00e0 la 12\u00e8me place avec 8Pts, Freddy DEJONGHE de la soci\u00e9t\u00e9 de Watterdal, inscrit en licence loisir chez nous est Champion en cat\u00e9gorie junior avec &hellip; <a href=\"http:\/\/guillaume-tell-watten.fr\/?p=314\">Continuer la lecture <span class=\"meta-nav\">&rarr;<\/span><\/a><\/p>\n","protected":false},"author":1,"featured_media":0,"comment_status":"closed","ping_status":"open","sticky":false,"template":"","format":"standard","meta":{"ngg_post_thumbnail":0,"footnotes":""},"categories":[5],"tags":[],"class_list":["post-314","post","type-post","status-publish","format-standard","hentry","category-journal-larchers"],"_links":{"self":[{"href":"http:\/\/guillaume-tell-watten.fr\/index.php?rest_route=\/wp\/v2\/posts\/314","targetHints":{"allow":["GET"]}}],"collection":[{"href":"http:\/\/guillaume-tell-watten.fr\/index.php?rest_route=\/wp\/v2\/posts"}],"about":[{"href":"http:\/\/guillaume-tell-watten.fr\/index.php?rest_route=\/wp\/v2\/types\/post"}],"author":[{"embeddable":true,"href":"http:\/\/guillaume-tell-watten.fr\/index.php?rest_route=\/wp\/v2\/users\/1"}],"replies":[{"embeddable":true,"href":"http:\/\/guillaume-tell-watten.fr\/index.php?rest_route=%2Fwp%2Fv2%2Fcomments&post=314"}],"version-history":[{"count":3,"href":"http:\/\/guillaume-tell-watten.fr\/index.php?rest_route=\/wp\/v2\/posts\/314\/revisions"}],"predecessor-version":[{"id":317,"href":"http:\/\/guillaume-tell-watten.fr\/index.php?rest_route=\/wp\/v2\/posts\/314\/revisions\/317"}],"wp:attachment":[{"href":"http:\/\/guillaume-tell-watten.fr\/index.php?rest_route=%2Fwp%2Fv2%2Fmedia&parent=314"}],"wp:term":[{"taxonomy":"category","embeddable":true,"href":"http:\/\/guillaume-tell-watten.fr\/index.php?rest_route=%2Fwp%2Fv2%2Fcategories&post=314"},{"taxonomy":"post_tag","embeddable":true,"href":"http:\/\/guillaume-tell-watten.fr\/index.php?rest_route=%2Fwp%2Fv2%2Ftags&post=314"}],"curies":[{"name":"wp","href":"https:\/\/api.w.org\/{rel}","templated":true}]}}