{"id":308,"date":"2012-06-28T18:25:09","date_gmt":"2012-06-28T16:25:09","guid":{"rendered":"http:\/\/guillaume-tell-watten.fr\/?p=308"},"modified":"2012-07-16T19:01:27","modified_gmt":"2012-07-16T17:01:27","slug":"championnat-de-france-des-veterans-a-dunkerque","status":"publish","type":"post","link":"http:\/\/guillaume-tell-watten.fr\/?p=308","title":{"rendered":"Championnat de France des V\u00e9t\u00e9rans \u00e0 DUNKERQUE"},"content":{"rendered":"<p>Jeudi 28 juin 2012<\/p>\n<p>2 archers de la soci\u00e9t\u00e9 \u00e9taient inscrit pour ce championnat, seul Bernard RAMBUR \u00e9tait pr\u00e9sent pour d\u00e9fendre la soci\u00e9t\u00e9 de la \u00ab\u00a0Guillaume-Tell\u00a0\u00bb de Watten en cat\u00e9gorie Juniors. Ils termine 3\u00e8me\u00a0apr\u00e8s\u00a0barrage avec Guy BERLIVET. (Ci-dessous Compte rendu du journal \u00a0l&rsquo;archers et quelques photos).<\/p>\n<p>DUNKERQUE jeudi 28 juin 2012<br \/>\nCARRE Augustin de SERQUES, chez les Seniors<br \/>\nSELINGUE R\u00e9gis de SAINT OMER, chez les Juniors<\/p>\n<p>C\u2019est en 2010, que Monsieur Pierre MOREAU, Pr\u00e9sident de la<br \/>\nSoci\u00e9t\u00e9 \u00ab Alliance \u00bb de Dunkerque c\u2019est propos\u00e9 pour organiser le<br \/>\nChampionnat de France des V\u00e9t\u00e9rans. A ce moment l\u00e0, il esp\u00e9rait l\u2019organiser sur<br \/>\nson nouveau terrain et local. Mais le sort c\u2019est acharn\u00e9 sur les installations,<br \/>\npuisqu\u2019en 2010, les installations sont parties en fum\u00e9e, avant m\u00eame<br \/>\nl\u2019inauguration.<br \/>\nMais c\u2019est sans compter, sur la t\u00e9nacit\u00e9 de son Pr\u00e9sident, qui a su en<br \/>\nquelques mois remotiver la ville de Dunkerque, pour sa reconstruction.<br \/>\nA l\u2019arriv\u00e9e, l\u2019ensemble des comp\u00e9titeurs pouvait admirer les lots qui<br \/>\nleur seront remis \u00e0 l\u2019issue de cette journ\u00e9e.<br \/>\nA 9h, d\u00e9butait la comp\u00e9tition, par la \u00ab Marseillaise \u00bb, nos anciens ont<br \/>\npris place \u00e0 la perche aux honneurs et la soci\u00e9t\u00e9 organisatrice d\u00e9butait le tir,<br \/>\navec le soleil et une petite brise.<br \/>\nLes forces en pr\u00e9sence, on notait 216 archers inscrits, mais les al\u00e9as<br \/>\nde la vie faisant, 203 archers \u00e9taient pr\u00e9sents. Deux cat\u00e9gories se sont mesur\u00e9es,<br \/>\n94 Seniors et 109 Juniors. C\u2019est toujours avec beaucoup de plaisir, de pouvoir<br \/>\nrencontrer \u00ab les anciens \u00bb \u00e0 l\u2019occasion ce championnat de France des V\u00e9t\u00e9rans<br \/>\nComme chaque ann\u00e9e, la comp\u00e9tition d\u00e9marre lentement, apr\u00e8s les<br \/>\ndeux premiers tours 7 honneurs sont tomb\u00e9s par tour, 35 petits au premier tour<br \/>\net 48 au second tour, le classement nous donnait, d\u00e9j\u00e0 quelques indications :<br \/>\nChez les Seniors :<br \/>\n1 Augustin CARRE de SERQUES avec 9 points<br \/>\n2 Michel MAHIEUX de LOON PLAGE avec 6 points<br \/>\n3 Roger DELATTRE de SERQUES avec 5 points<br \/>\nChez les Juniors :<br \/>\n1 R\u00e9gis SELINGUE de St OMER avec 9 points<br \/>\n2 Jos\u00e9 BAERT de RUMINGHEM avec 8 points<br \/>\n3 Michel PIQUART d\u2019ELINGHEN avec 7 points<br \/>\nUn arrangement, avec les personnels de service et la soci\u00e9t\u00e9<br \/>\norganisatrice, \u00e9tait trouv\u00e9 au sujet des tours, 1 heure par tour, nous ferons 4<br \/>\ntours avant la pause m\u00e9ridienne.<br \/>\nLes deux tours avant cet arr\u00eat, vont ils \u00eatre plus prolifiques ? Puisque nous<br \/>\narrivons \u00e0 l\u2019heure du rafra\u00eechissement, quel allait \u00eatre le breuvage des<br \/>\ncombattants ?..mdr<br \/>\nLe troisi\u00e8me tour, (apr\u00e8s une premi\u00e8re rasade \u2026\u2026salutaire) 11 honneurs et 48<br \/>\npetits\u2026wahooooo quelle potion magique\u2026. Le quatri\u00e8me tour \u00e9tait la copie des<br \/>\ndeux premiers 5 honneurs et 34 petits venaient gonfler le tableau de marquage.<br \/>\nO\u00f9 en sommes-nous dans le classement avant de d\u00e9jeuner :<br \/>\nChez les Seniors :<br \/>\n1 Jean Claude TAILLIEZ de LIEVIN avec 10 points<br \/>\n2 Augustin CARRE de SERQUES avec 10 points<br \/>\n3 Roger DELATTRE de SERQUES avec 8 points<br \/>\nChez les Juniors :<br \/>\n1 R\u00e9gis SELINGUE de St OMER avec 10 points<br \/>\n2 Jos\u00e9 BAERT de RUMINGHEM avec 9 points<br \/>\n3 Guy BERLIVET de WATTERDAL avec 8 points<br \/>\nChez les Seniors, un changement en t\u00eate du classement, Jean Claude<br \/>\nTAILLEZ avait rejoint, Augustin CARRE en t\u00eate du classement avec 10 points<br \/>\nchacun.<br \/>\nLa pause du d\u00e9jeuner allait telle donner des forces \u00e0 nos anciens,<br \/>\nnous allons le savoir \u00e0 14h30, heure de reprise de la comp\u00e9tition.<br \/>\nOn sait que certaines, ou certains seront priv\u00e9s de sieste, voir pire<br \/>\nencore priv\u00e9 de leur feuilleton pr\u00e9f\u00e9r\u00e9\u2026 \u00ab Les feux de l\u2019amour \u00bb.<br \/>\nLa brise \u00e9tait toujours pr\u00e9sente lorsque le tir reprit \u00e0 14h30, les<br \/>\ntroupes sont elles fra\u00eeches, on allait tr\u00e8s vite le savoir..<br \/>\nLe cinqui\u00e8me tour, seul 4 honneurs au compteur et 49 petits, au<br \/>\nsixi\u00e8me tour 4 honneurs et 47 petits ont fait fructifier le classement.<br \/>\nLe classement ne donnait aucun changement chez les Seniors, chez les Juniors,<br \/>\nBernard RAMBUR de WATTEN venait prendre la deuxi\u00e8me place.<br \/>\nLe temps se couvrait quelque peu, une annonce d\u2019orage \u00e9tait annonc\u00e9<br \/>\npour la soir\u00e9e, et lorsque allait d\u00e9buter le huiti\u00e8me tour, la d\u00e9cision fut prise de<br \/>\nfaire le dernier tour. L\u2019orage grondait, il \u00e9tait plus sage de mettre un terme \u00e0 la<br \/>\ncomp\u00e9tition.<br \/>\nLe classement final, chez Seniors :<br \/>\n1 Augustin CARRE de SERQUES avec 16 points<br \/>\n2 Gustave PENIN de BAILLEUL avec 15 points<br \/>\n4 Jean Claude TAILLIEZ de LIEVIN avec 12 points.<br \/>\nLe classement final chez le Juniors<br \/>\nUn Barrage pour la troisi\u00e8me place \u00e9tait n\u00e9cessaire pour d\u00e9partager Bernard<br \/>\nRAMBUR et Guy BERLIVET, tous deux avec 10 points.<br \/>\nGuy d\u00e9butait les trois tour aux honneurs, il fr\u00f4lait l\u2019honneur, Bernard (Berny,<br \/>\npour les intimes) ne fit pas tra\u00eener les choses, \u00e0 sa premi\u00e8re fl\u00e8che, c\u2019est le<br \/>\nhonneur qu\u2019il fit choir. Les deux tours suivants ne donnaient rien. Les trois tours<br \/>\n\u00e0 la grille, si Guy ne faisait pas un doubl\u00e9 d\u2019entr\u00e9e, s\u2019en \u00e9tait fini.<br \/>\nMalheureusement pour lui, aucun petit, malgr\u00e9 une belle fl\u00e8che en milieu de<br \/>\ngrille.<br \/>\nLe classement final chez les Juniors.<br \/>\n1 R\u00e9gis SELINGUE de St OMER avec 18 points<br \/>\n2 Ars\u00e8ne VANACKER de GHYVELDE avec 11 ponts<br \/>\n3 Bernard RAMBUR de WATTEN avec 10 points<br \/>\nAvant la proclamation des r\u00e9sultats et la remise des Troph\u00e9es, le<br \/>\nPr\u00e9sident local, remercia l\u2019ensemble des concurrents pr\u00e9sents, il excusa la<br \/>\nMunicipalit\u00e9, retenue par une r\u00e9union du Conseil Municipal. Il la remercia des<br \/>\nefforts qu\u2019elle a fournis pour la r\u00e9fection du local. Il remercia aussi l\u2019ensemble<br \/>\ndes sponsors et des b\u00e9n\u00e9voles qui lui ont permis d\u2019organiser cette belle journ\u00e9e.<br \/>\nAndr\u00e9 TRAMCOURT, prit la parole, il remercia l\u2019ensemble des archers pour<br \/>\ncette magnifique journ\u00e9e.<br \/>\nIl \u00e9tait temps de donner lecture du palmar\u00e8s et r\u00e9compenser les trois<br \/>\npremiers de chaque cat\u00e9gories. Quel beau Podium, que de beaux champions, qui<br \/>\nont conserv\u00e9 toute leur adresse.<br \/>\nUne distribution de lots jusqu\u2019au 41\u00e8me de chaque cat\u00e9gories fut<br \/>\ndonn\u00e9e.<br \/>\nEn 2013 le Championnat de France des V\u00e9t\u00e9rans sera organis\u00e9 par la<br \/>\nSoci\u00e9t\u00e9 d\u2019AIRE SUR LA LYS<br \/>\nLe rapporteur du jour<br \/>\nChristian Dehongher<\/p>\nngg_shortcode_0_placeholder\n","protected":false},"excerpt":{"rendered":"<p>Jeudi 28 juin 2012 2 archers de la soci\u00e9t\u00e9 \u00e9taient inscrit pour ce championnat, seul Bernard RAMBUR \u00e9tait pr\u00e9sent pour d\u00e9fendre la soci\u00e9t\u00e9 de la \u00ab\u00a0Guillaume-Tell\u00a0\u00bb de Watten en cat\u00e9gorie Juniors. Ils termine 3\u00e8me\u00a0apr\u00e8s\u00a0barrage avec Guy BERLIVET. (Ci-dessous Compte rendu &hellip; <a href=\"http:\/\/guillaume-tell-watten.fr\/?p=308\">Continuer la lecture <span class=\"meta-nav\">&rarr;<\/span><\/a><\/p>\n","protected":false},"author":1,"featured_media":0,"comment_status":"closed","ping_status":"open","sticky":false,"template":"","format":"standard","meta":{"ngg_post_thumbnail":0,"footnotes":""},"categories":[5],"tags":[],"class_list":["post-308","post","type-post","status-publish","format-standard","hentry","category-journal-larchers"],"_links":{"self":[{"href":"http:\/\/guillaume-tell-watten.fr\/index.php?rest_route=\/wp\/v2\/posts\/308","targetHints":{"allow":["GET"]}}],"collection":[{"href":"http:\/\/guillaume-tell-watten.fr\/index.php?rest_route=\/wp\/v2\/posts"}],"about":[{"href":"http:\/\/guillaume-tell-watten.fr\/index.php?rest_route=\/wp\/v2\/types\/post"}],"author":[{"embeddable":true,"href":"http:\/\/guillaume-tell-watten.fr\/index.php?rest_route=\/wp\/v2\/users\/1"}],"replies":[{"embeddable":true,"href":"http:\/\/guillaume-tell-watten.fr\/index.php?rest_route=%2Fwp%2Fv2%2Fcomments&post=308"}],"version-history":[{"count":4,"href":"http:\/\/guillaume-tell-watten.fr\/index.php?rest_route=\/wp\/v2\/posts\/308\/revisions"}],"predecessor-version":[{"id":311,"href":"http:\/\/guillaume-tell-watten.fr\/index.php?rest_route=\/wp\/v2\/posts\/308\/revisions\/311"}],"wp:attachment":[{"href":"http:\/\/guillaume-tell-watten.fr\/index.php?rest_route=%2Fwp%2Fv2%2Fmedia&parent=308"}],"wp:term":[{"taxonomy":"category","embeddable":true,"href":"http:\/\/guillaume-tell-watten.fr\/index.php?rest_route=%2Fwp%2Fv2%2Fcategories&post=308"},{"taxonomy":"post_tag","embeddable":true,"href":"http:\/\/guillaume-tell-watten.fr\/index.php?rest_route=%2Fwp%2Fv2%2Ftags&post=308"}],"curies":[{"name":"wp","href":"https:\/\/api.w.org\/{rel}","templated":true}]}}